[{"@context":"https:\/\/schema.org\/","@type":"Blog","@id":"https:\/\/www.rabr.cz#Blog","headline":"Rabr net","description":"","url":"https:\/\/www.rabr.cz","hasPart":[{"@type":"Article","@id":"https:\/\/www.rabr.cz\/cas-s-prateli\/","headline":"\u010cas s p\u0159\u00e1teli","url":"https:\/\/www.rabr.cz\/cas-s-prateli\/","datePublished":"2026-03-09","dateModified":"2026-03-09","mainEntityOfPage":"https:\/\/www.rabr.cz\/cas-s-prateli\/","author":{"@type":"Person","@id":"https:\/\/www.rabr.cz\/author\/#Person","name":"","url":"https:\/\/www.rabr.cz\/author\/","identifier":1,"image":{"@type":"ImageObject","@id":"https:\/\/secure.gravatar.com\/avatar\/01173f1da90dde8adb887d6793fa4e42c4004e53f8d645d9b1cb57c2dee8e188?s=96&d=mm&r=g","url":"https:\/\/secure.gravatar.com\/avatar\/01173f1da90dde8adb887d6793fa4e42c4004e53f8d645d9b1cb57c2dee8e188?s=96&d=mm&r=g","height":96,"width":96}},"publisher":{"@type":"Organization","name":"rabr.cz","logo":{"@type":"ImageObject","@id":"\/logo.png","url":"\/logo.png","width":600,"height":60}},"image":{"@type":"ImageObject","@id":"https:\/\/www.rabr.cz\/wp-content\/uploads\/sammy-sander-man-5522892_640.jpg","url":"https:\/\/www.rabr.cz\/wp-content\/uploads\/sammy-sander-man-5522892_640.jpg","height":0,"width":0},"wordCount":584,"keywords":null},{"@type":"Article","@id":"https:\/\/www.rabr.cz\/stehovani-neni-zadna-zabava\/","headline":"St\u011bhov\u00e1n\u00ed nen\u00ed \u017e\u00e1dn\u00e1 z\u00e1bava","url":"https:\/\/www.rabr.cz\/stehovani-neni-zadna-zabava\/","datePublished":"2026-03-08","dateModified":"2026-03-08","mainEntityOfPage":"https:\/\/www.rabr.cz\/stehovani-neni-zadna-zabava\/","author":{"@type":"Person","@id":"https:\/\/www.rabr.cz\/author\/#Person","name":"","url":"https:\/\/www.rabr.cz\/author\/","identifier":1,"image":{"@type":"ImageObject","@id":"https:\/\/secure.gravatar.com\/avatar\/01173f1da90dde8adb887d6793fa4e42c4004e53f8d645d9b1cb57c2dee8e188?s=96&d=mm&r=g","url":"https:\/\/secure.gravatar.com\/avatar\/01173f1da90dde8adb887d6793fa4e42c4004e53f8d645d9b1cb57c2dee8e188?s=96&d=mm&r=g","height":96,"width":96}},"publisher":{"@type":"Organization","name":"rabr.cz","logo":{"@type":"ImageObject","@id":"\/logo.png","url":"\/logo.png","width":600,"height":60}},"image":{"@type":"ImageObject","@id":"https:\/\/www.rabr.cz\/wp-content\/uploads\/SSSSSSSSSSSSSSSSSSSSSSSS.jpg","url":"https:\/\/www.rabr.cz\/wp-content\/uploads\/SSSSSSSSSSSSSSSSSSSSSSSS.jpg","height":0,"width":0},"wordCount":644,"keywords":null},{"@type":"Article","@id":"https:\/\/www.rabr.cz\/proc-boli-zada-v-bederni-oblasti\/","headline":"Pro\u010d bol\u00ed z\u00e1da v bedern\u00ed oblasti","url":"https:\/\/www.rabr.cz\/proc-boli-zada-v-bederni-oblasti\/","datePublished":"2026-03-06","dateModified":"2026-03-06","mainEntityOfPage":"https:\/\/www.rabr.cz\/proc-boli-zada-v-bederni-oblasti\/","author":{"@type":"Person","@id":"https:\/\/www.rabr.cz\/author\/#Person","name":"","url":"https:\/\/www.rabr.cz\/author\/","identifier":1,"image":{"@type":"ImageObject","@id":"https:\/\/secure.gravatar.com\/avatar\/01173f1da90dde8adb887d6793fa4e42c4004e53f8d645d9b1cb57c2dee8e188?s=96&d=mm&r=g","url":"https:\/\/secure.gravatar.com\/avatar\/01173f1da90dde8adb887d6793fa4e42c4004e53f8d645d9b1cb57c2dee8e188?s=96&d=mm&r=g","height":96,"width":96}},"publisher":{"@type":"Organization","name":"rabr.cz","logo":{"@type":"ImageObject","@id":"\/logo.png","url":"\/logo.png","width":600,"height":60}},"image":{"@type":"ImageObject","@id":"https:\/\/www.rabr.cz\/wp-content\/uploads\/gkhaus-back-4916984_640_3.jpg","url":"https:\/\/www.rabr.cz\/wp-content\/uploads\/gkhaus-back-4916984_640_3.jpg","height":0,"width":0},"wordCount":651,"keywords":null},{"@type":"Article","@id":"https:\/\/www.rabr.cz\/pronajem-auta-mi-pripada-vyhodnejsi-nez-jeho-vlastnictvi\/","headline":"Pron\u00e1jem auta mi p\u0159ipad\u00e1 v\u00fdhodn\u011bj\u0161\u00ed ne\u017e jeho vlastnictv\u00ed","url":"https:\/\/www.rabr.cz\/pronajem-auta-mi-pripada-vyhodnejsi-nez-jeho-vlastnictvi\/","datePublished":"2026-03-06","dateModified":"2026-03-06","mainEntityOfPage":"https:\/\/www.rabr.cz\/pronajem-auta-mi-pripada-vyhodnejsi-nez-jeho-vlastnictvi\/","author":{"@type":"Person","@id":"https:\/\/www.rabr.cz\/author\/#Person","name":"","url":"https:\/\/www.rabr.cz\/author\/","identifier":1,"image":{"@type":"ImageObject","@id":"https:\/\/secure.gravatar.com\/avatar\/01173f1da90dde8adb887d6793fa4e42c4004e53f8d645d9b1cb57c2dee8e188?s=96&d=mm&r=g","url":"https:\/\/secure.gravatar.com\/avatar\/01173f1da90dde8adb887d6793fa4e42c4004e53f8d645d9b1cb57c2dee8e188?s=96&d=mm&r=g","height":96,"width":96}},"publisher":{"@type":"Organization","name":"rabr.cz","logo":{"@type":"ImageObject","@id":"\/logo.png","url":"\/logo.png","width":600,"height":60}},"image":{"@type":"ImageObject","@id":"https:\/\/www.rabr.cz\/wp-content\/uploads\/pexels-snow-1281636_640.jpg","url":"https:\/\/www.rabr.cz\/wp-content\/uploads\/pexels-snow-1281636_640.jpg","height":0,"width":0},"wordCount":570,"keywords":null},{"@type":"Article","@id":"https:\/\/www.rabr.cz\/hluk-na-ulici-bychom-nemeli-prehlizet\/","headline":"Hluk na ulici bychom nem\u011bli p\u0159ehl\u00ed\u017eet","url":"https:\/\/www.rabr.cz\/hluk-na-ulici-bychom-nemeli-prehlizet\/","datePublished":"2026-03-06","dateModified":"2026-03-06","mainEntityOfPage":"https:\/\/www.rabr.cz\/hluk-na-ulici-bychom-nemeli-prehlizet\/","author":{"@type":"Person","@id":"https:\/\/www.rabr.cz\/author\/#Person","name":"","url":"https:\/\/www.rabr.cz\/author\/","identifier":1,"image":{"@type":"ImageObject","@id":"https:\/\/secure.gravatar.com\/avatar\/01173f1da90dde8adb887d6793fa4e42c4004e53f8d645d9b1cb57c2dee8e188?s=96&d=mm&r=g","url":"https:\/\/secure.gravatar.com\/avatar\/01173f1da90dde8adb887d6793fa4e42c4004e53f8d645d9b1cb57c2dee8e188?s=96&d=mm&r=g","height":96,"width":96}},"publisher":{"@type":"Organization","name":"rabr.cz","logo":{"@type":"ImageObject","@id":"\/logo.png","url":"\/logo.png","width":600,"height":60}},"image":{"@type":"ImageObject","@id":"https:\/\/www.rabr.cz\/wp-content\/uploads\/lequangutc89-bedroom-6577523_640_3.jpg","url":"https:\/\/www.rabr.cz\/wp-content\/uploads\/lequangutc89-bedroom-6577523_640_3.jpg","height":0,"width":0},"wordCount":570,"keywords":null},{"@type":"Article","@id":"https:\/\/www.rabr.cz\/presne-a-stylove-svatebni-saty\/","headline":"P\u0159esn\u00e9 a stylov\u00e9 svatebn\u00ed \u0161aty","url":"https:\/\/www.rabr.cz\/presne-a-stylove-svatebni-saty\/","datePublished":"2026-03-04","dateModified":"2026-03-04","mainEntityOfPage":"https:\/\/www.rabr.cz\/presne-a-stylove-svatebni-saty\/","author":{"@type":"Person","@id":"https:\/\/www.rabr.cz\/author\/#Person","name":"","url":"https:\/\/www.rabr.cz\/author\/","identifier":1,"image":{"@type":"ImageObject","@id":"https:\/\/secure.gravatar.com\/avatar\/01173f1da90dde8adb887d6793fa4e42c4004e53f8d645d9b1cb57c2dee8e188?s=96&d=mm&r=g","url":"https:\/\/secure.gravatar.com\/avatar\/01173f1da90dde8adb887d6793fa4e42c4004e53f8d645d9b1cb57c2dee8e188?s=96&d=mm&r=g","height":96,"width":96}},"publisher":{"@type":"Organization","name":"rabr.cz","logo":{"@type":"ImageObject","@id":"\/logo.png","url":"\/logo.png","width":600,"height":60}},"image":{"@type":"ImageObject","@id":"https:\/\/www.rabr.cz\/wp-content\/uploads\/dzikrykbir5-pre-wedding-9490176_640.jpg","url":"https:\/\/www.rabr.cz\/wp-content\/uploads\/dzikrykbir5-pre-wedding-9490176_640.jpg","height":0,"width":0},"wordCount":517,"keywords":null},{"@type":"Article","@id":"https:\/\/www.rabr.cz\/reklamni-balonky-pro-rodinnou-oslavu\/","headline":"Reklamn\u00ed bal\u00f3nky pro rodinnou oslavu","url":"https:\/\/www.rabr.cz\/reklamni-balonky-pro-rodinnou-oslavu\/","datePublished":"2026-03-03","dateModified":"2026-03-03","mainEntityOfPage":"https:\/\/www.rabr.cz\/reklamni-balonky-pro-rodinnou-oslavu\/","author":{"@type":"Person","@id":"https:\/\/www.rabr.cz\/author\/#Person","name":"","url":"https:\/\/www.rabr.cz\/author\/","identifier":1,"image":{"@type":"ImageObject","@id":"https:\/\/secure.gravatar.com\/avatar\/01173f1da90dde8adb887d6793fa4e42c4004e53f8d645d9b1cb57c2dee8e188?s=96&d=mm&r=g","url":"https:\/\/secure.gravatar.com\/avatar\/01173f1da90dde8adb887d6793fa4e42c4004e53f8d645d9b1cb57c2dee8e188?s=96&d=mm&r=g","height":96,"width":96}},"publisher":{"@type":"Organization","name":"rabr.cz","logo":{"@type":"ImageObject","@id":"\/logo.png","url":"\/logo.png","width":600,"height":60}},"image":{"@type":"ImageObject","@id":"https:\/\/www.rabr.cz\/wp-content\/uploads\/artturi_mantysaari-balloons-1786430_640_1.jpg","url":"https:\/\/www.rabr.cz\/wp-content\/uploads\/artturi_mantysaari-balloons-1786430_640_1.jpg","height":0,"width":0},"wordCount":632,"keywords":null},{"@type":"Article","@id":"https:\/\/www.rabr.cz\/koronavirus-tu-zije-s-nami\/","headline":"Koronavirus tu \u017eije s n\u00e1mi","url":"https:\/\/www.rabr.cz\/koronavirus-tu-zije-s-nami\/","datePublished":"2026-03-02","dateModified":"2026-03-02","mainEntityOfPage":"https:\/\/www.rabr.cz\/koronavirus-tu-zije-s-nami\/","author":{"@type":"Person","@id":"https:\/\/www.rabr.cz\/author\/#Person","name":"","url":"https:\/\/www.rabr.cz\/author\/","identifier":1,"image":{"@type":"ImageObject","@id":"https:\/\/secure.gravatar.com\/avatar\/01173f1da90dde8adb887d6793fa4e42c4004e53f8d645d9b1cb57c2dee8e188?s=96&d=mm&r=g","url":"https:\/\/secure.gravatar.com\/avatar\/01173f1da90dde8adb887d6793fa4e42c4004e53f8d645d9b1cb57c2dee8e188?s=96&d=mm&r=g","height":96,"width":96}},"publisher":{"@type":"Organization","name":"rabr.cz","logo":{"@type":"ImageObject","@id":"\/logo.png","url":"\/logo.png","width":600,"height":60}},"image":{"@type":"ImageObject","@id":"https:\/\/www.rabr.cz\/wp-content\/uploads\/kkkkkkkk_10_10_5.jpg","url":"https:\/\/www.rabr.cz\/wp-content\/uploads\/kkkkkkkk_10_10_5.jpg","height":0,"width":0},"wordCount":609,"keywords":null},{"@type":"Article","@id":"https:\/\/www.rabr.cz\/co-delat-pri-nedostatku-penez\/","headline":"Co d\u011blat p\u0159i nedostatku pen\u011bz?","url":"https:\/\/www.rabr.cz\/co-delat-pri-nedostatku-penez\/","datePublished":"2026-03-02","dateModified":"2026-03-02","mainEntityOfPage":"https:\/\/www.rabr.cz\/co-delat-pri-nedostatku-penez\/","author":{"@type":"Person","@id":"https:\/\/www.rabr.cz\/author\/#Person","name":"","url":"https:\/\/www.rabr.cz\/author\/","identifier":1,"image":{"@type":"ImageObject","@id":"https:\/\/secure.gravatar.com\/avatar\/01173f1da90dde8adb887d6793fa4e42c4004e53f8d645d9b1cb57c2dee8e188?s=96&d=mm&r=g","url":"https:\/\/secure.gravatar.com\/avatar\/01173f1da90dde8adb887d6793fa4e42c4004e53f8d645d9b1cb57c2dee8e188?s=96&d=mm&r=g","height":96,"width":96}},"publisher":{"@type":"Organization","name":"rabr.cz","logo":{"@type":"ImageObject","@id":"\/logo.png","url":"\/logo.png","width":600,"height":60}},"image":{"@type":"ImageObject","@id":"https:\/\/www.rabr.cz\/wp-content\/uploads\/pppppppppppppppppppppppppppppppppppppppppppppppppppppppppppppppppppp_10_6.jpg","url":"https:\/\/www.rabr.cz\/wp-content\/uploads\/pppppppppppppppppppppppppppppppppppppppppppppppppppppppppppppppppppp_10_6.jpg","height":0,"width":0},"wordCount":641,"keywords":null},{"@type":"Article","@id":"https:\/\/www.rabr.cz\/co-bych-ziskal-s-kotlem-na-stepku\/","headline":"Co bych z\u00edskal s kotlem na \u0161t\u011bpku","url":"https:\/\/www.rabr.cz\/co-bych-ziskal-s-kotlem-na-stepku\/","datePublished":"2026-03-01","dateModified":"2026-03-01","mainEntityOfPage":"https:\/\/www.rabr.cz\/co-bych-ziskal-s-kotlem-na-stepku\/","author":{"@type":"Person","@id":"https:\/\/www.rabr.cz\/author\/#Person","name":"","url":"https:\/\/www.rabr.cz\/author\/","identifier":1,"image":{"@type":"ImageObject","@id":"https:\/\/secure.gravatar.com\/avatar\/01173f1da90dde8adb887d6793fa4e42c4004e53f8d645d9b1cb57c2dee8e188?s=96&d=mm&r=g","url":"https:\/\/secure.gravatar.com\/avatar\/01173f1da90dde8adb887d6793fa4e42c4004e53f8d645d9b1cb57c2dee8e188?s=96&d=mm&r=g","height":96,"width":96}},"publisher":{"@type":"Organization","name":"rabr.cz","logo":{"@type":"ImageObject","@id":"\/logo.png","url":"\/logo.png","width":600,"height":60}},"image":{"@type":"ImageObject","@id":"https:\/\/www.rabr.cz\/wp-content\/uploads\/irina_kukuts-firewood-8313630_640.jpg","url":"https:\/\/www.rabr.cz\/wp-content\/uploads\/irina_kukuts-firewood-8313630_640.jpg","height":0,"width":0},"wordCount":594,"keywords":null}]},{"@context":"https:\/\/schema.org","@type":"WebSite","@id":"https:\/\/www.rabr.cz\/#website","name":"Rabr net","url":"https:\/\/www.rabr.cz","potentialAction":{"@type":"SearchAction","target":"https:\/\/www.rabr.cz\/?s={search_term_string}","query-input":"required name=search_term_string"}}]