[{"@context":"https:\/\/schema.org\/","@type":"Blog","@id":"https:\/\/www.rabr.cz#Blog","headline":"Rabr net","description":"","url":"https:\/\/www.rabr.cz","hasPart":[{"@type":"Article","@id":"https:\/\/www.rabr.cz\/praha-je-krasna\/","headline":"Praha je kr\u00e1sn\u00e1","url":"https:\/\/www.rabr.cz\/praha-je-krasna\/","datePublished":"2026-01-02","dateModified":"2026-01-02","mainEntityOfPage":"https:\/\/www.rabr.cz\/praha-je-krasna\/","author":{"@type":"Person","@id":"https:\/\/www.rabr.cz\/author\/#Person","name":"","url":"https:\/\/www.rabr.cz\/author\/","identifier":1,"image":{"@type":"ImageObject","@id":"https:\/\/secure.gravatar.com\/avatar\/01173f1da90dde8adb887d6793fa4e42c4004e53f8d645d9b1cb57c2dee8e188?s=96&d=mm&r=g","url":"https:\/\/secure.gravatar.com\/avatar\/01173f1da90dde8adb887d6793fa4e42c4004e53f8d645d9b1cb57c2dee8e188?s=96&d=mm&r=g","height":96,"width":96}},"publisher":{"@type":"Organization","name":"rabr.cz","logo":{"@type":"ImageObject","@id":"\/logo.png","url":"\/logo.png","width":600,"height":60}},"image":{"@type":"ImageObject","@id":"https:\/\/www.rabr.cz\/wp-content\/uploads\/prague-2833013_640.jpg","url":"https:\/\/www.rabr.cz\/wp-content\/uploads\/prague-2833013_640.jpg","height":0,"width":0},"wordCount":560,"keywords":null},{"@type":"Article","@id":"https:\/\/www.rabr.cz\/hypoteka-pro-vas-dum\/","headline":"Hypot\u00e9ka pro v\u00e1\u0161 d\u016fm","url":"https:\/\/www.rabr.cz\/hypoteka-pro-vas-dum\/","datePublished":"2026-01-01","dateModified":"2026-01-01","mainEntityOfPage":"https:\/\/www.rabr.cz\/hypoteka-pro-vas-dum\/","author":{"@type":"Person","@id":"https:\/\/www.rabr.cz\/author\/#Person","name":"","url":"https:\/\/www.rabr.cz\/author\/","identifier":1,"image":{"@type":"ImageObject","@id":"https:\/\/secure.gravatar.com\/avatar\/01173f1da90dde8adb887d6793fa4e42c4004e53f8d645d9b1cb57c2dee8e188?s=96&d=mm&r=g","url":"https:\/\/secure.gravatar.com\/avatar\/01173f1da90dde8adb887d6793fa4e42c4004e53f8d645d9b1cb57c2dee8e188?s=96&d=mm&r=g","height":96,"width":96}},"publisher":{"@type":"Organization","name":"rabr.cz","logo":{"@type":"ImageObject","@id":"\/logo.png","url":"\/logo.png","width":600,"height":60}},"image":{"@type":"ImageObject","@id":"https:\/\/www.rabr.cz\/wp-content\/uploads\/flutie8211-real-estate-6998239_640.jpg","url":"https:\/\/www.rabr.cz\/wp-content\/uploads\/flutie8211-real-estate-6998239_640.jpg","height":0,"width":0},"wordCount":618,"keywords":null},{"@type":"Article","@id":"https:\/\/www.rabr.cz\/bydlet-ve-vlastnim-dome-nebo-v-pronajmu\/","headline":"Bydlet ve vlastn\u00edm dom\u011b nebo v pron\u00e1jmu","url":"https:\/\/www.rabr.cz\/bydlet-ve-vlastnim-dome-nebo-v-pronajmu\/","datePublished":"2025-11-14","dateModified":"2025-11-14","mainEntityOfPage":"https:\/\/www.rabr.cz\/bydlet-ve-vlastnim-dome-nebo-v-pronajmu\/","author":{"@type":"Person","@id":"https:\/\/www.rabr.cz\/author\/#Person","name":"","url":"https:\/\/www.rabr.cz\/author\/","identifier":1,"image":{"@type":"ImageObject","@id":"https:\/\/secure.gravatar.com\/avatar\/01173f1da90dde8adb887d6793fa4e42c4004e53f8d645d9b1cb57c2dee8e188?s=96&d=mm&r=g","url":"https:\/\/secure.gravatar.com\/avatar\/01173f1da90dde8adb887d6793fa4e42c4004e53f8d645d9b1cb57c2dee8e188?s=96&d=mm&r=g","height":96,"width":96}},"publisher":{"@type":"Organization","name":"rabr.cz","logo":{"@type":"ImageObject","@id":"\/logo.png","url":"\/logo.png","width":600,"height":60}},"image":{"@type":"ImageObject","@id":"https:\/\/www.rabr.cz\/wp-content\/uploads\/tomatoes-5566741_640_5.jpg","url":"https:\/\/www.rabr.cz\/wp-content\/uploads\/tomatoes-5566741_640_5.jpg","height":0,"width":0},"wordCount":710,"keywords":null},{"@type":"Article","@id":"https:\/\/www.rabr.cz\/dluhy-je-potreba-splacet\/","headline":"Dluhy je pot\u0159eba spl\u00e1cet","url":"https:\/\/www.rabr.cz\/dluhy-je-potreba-splacet\/","datePublished":"2025-09-06","dateModified":"2025-09-06","mainEntityOfPage":"https:\/\/www.rabr.cz\/dluhy-je-potreba-splacet\/","author":{"@type":"Person","@id":"https:\/\/www.rabr.cz\/author\/#Person","name":"","url":"https:\/\/www.rabr.cz\/author\/","identifier":1,"image":{"@type":"ImageObject","@id":"https:\/\/secure.gravatar.com\/avatar\/01173f1da90dde8adb887d6793fa4e42c4004e53f8d645d9b1cb57c2dee8e188?s=96&d=mm&r=g","url":"https:\/\/secure.gravatar.com\/avatar\/01173f1da90dde8adb887d6793fa4e42c4004e53f8d645d9b1cb57c2dee8e188?s=96&d=mm&r=g","height":96,"width":96}},"publisher":{"@type":"Organization","name":"rabr.cz","logo":{"@type":"ImageObject","@id":"\/logo.png","url":"\/logo.png","width":600,"height":60}},"image":{"@type":"ImageObject","@id":"https:\/\/www.rabr.cz\/wp-content\/uploads\/pexels-ron-lach-9870227.jpg","url":"https:\/\/www.rabr.cz\/wp-content\/uploads\/pexels-ron-lach-9870227.jpg","height":0,"width":0},"wordCount":561,"keywords":null},{"@type":"Article","@id":"https:\/\/www.rabr.cz\/proc-si-na-stehovani-klaviru-ci-pianina-sjednat-odborniky\/","headline":"Pro\u010d si na st\u011bhov\u00e1n\u00ed klav\u00edru \u010di pianina sjednat odborn\u00edky","url":"https:\/\/www.rabr.cz\/proc-si-na-stehovani-klaviru-ci-pianina-sjednat-odborniky\/","datePublished":"2025-06-01","dateModified":"2025-06-01","mainEntityOfPage":"https:\/\/www.rabr.cz\/proc-si-na-stehovani-klaviru-ci-pianina-sjednat-odborniky\/","author":{"@type":"Person","@id":"https:\/\/www.rabr.cz\/author\/#Person","name":"","url":"https:\/\/www.rabr.cz\/author\/","identifier":1,"image":{"@type":"ImageObject","@id":"https:\/\/secure.gravatar.com\/avatar\/01173f1da90dde8adb887d6793fa4e42c4004e53f8d645d9b1cb57c2dee8e188?s=96&d=mm&r=g","url":"https:\/\/secure.gravatar.com\/avatar\/01173f1da90dde8adb887d6793fa4e42c4004e53f8d645d9b1cb57c2dee8e188?s=96&d=mm&r=g","height":96,"width":96}},"publisher":{"@type":"Organization","name":"rabr.cz","logo":{"@type":"ImageObject","@id":"\/logo.png","url":"\/logo.png","width":600,"height":60}},"image":{"@type":"ImageObject","@id":"https:\/\/www.rabr.cz\/wp-content\/uploads\/piano-3505109_640_4.jpg","url":"https:\/\/www.rabr.cz\/wp-content\/uploads\/piano-3505109_640_4.jpg","height":0,"width":0},"wordCount":574,"keywords":null},{"@type":"Article","@id":"https:\/\/www.rabr.cz\/oprava-kanalizace-praha\/","headline":"Oprava kanalizace Praha","url":"https:\/\/www.rabr.cz\/oprava-kanalizace-praha\/","datePublished":"2025-04-28","dateModified":"2025-04-28","mainEntityOfPage":"https:\/\/www.rabr.cz\/oprava-kanalizace-praha\/","author":{"@type":"Person","@id":"https:\/\/www.rabr.cz\/author\/#Person","name":"","url":"https:\/\/www.rabr.cz\/author\/","identifier":1,"image":{"@type":"ImageObject","@id":"https:\/\/secure.gravatar.com\/avatar\/01173f1da90dde8adb887d6793fa4e42c4004e53f8d645d9b1cb57c2dee8e188?s=96&d=mm&r=g","url":"https:\/\/secure.gravatar.com\/avatar\/01173f1da90dde8adb887d6793fa4e42c4004e53f8d645d9b1cb57c2dee8e188?s=96&d=mm&r=g","height":96,"width":96}},"publisher":{"@type":"Organization","name":"rabr.cz","logo":{"@type":"ImageObject","@id":"\/logo.png","url":"\/logo.png","width":600,"height":60}},"image":null,"wordCount":227,"keywords":null},{"@type":"Article","@id":"https:\/\/www.rabr.cz\/led-zarovka\/","headline":"LED \u017e\u00e1rovka","url":"https:\/\/www.rabr.cz\/led-zarovka\/","datePublished":"2025-04-20","dateModified":"2025-04-20","mainEntityOfPage":"https:\/\/www.rabr.cz\/led-zarovka\/","author":{"@type":"Person","@id":"https:\/\/www.rabr.cz\/author\/#Person","name":"","url":"https:\/\/www.rabr.cz\/author\/","identifier":1,"image":{"@type":"ImageObject","@id":"https:\/\/secure.gravatar.com\/avatar\/01173f1da90dde8adb887d6793fa4e42c4004e53f8d645d9b1cb57c2dee8e188?s=96&d=mm&r=g","url":"https:\/\/secure.gravatar.com\/avatar\/01173f1da90dde8adb887d6793fa4e42c4004e53f8d645d9b1cb57c2dee8e188?s=96&d=mm&r=g","height":96,"width":96}},"publisher":{"@type":"Organization","name":"rabr.cz","logo":{"@type":"ImageObject","@id":"\/logo.png","url":"\/logo.png","width":600,"height":60}},"image":null,"wordCount":210,"keywords":null},{"@type":"Article","@id":"https:\/\/www.rabr.cz\/drevena-okna\/","headline":"D\u0159ev\u011bn\u00e1 okna","url":"https:\/\/www.rabr.cz\/drevena-okna\/","datePublished":"2025-04-11","dateModified":"2025-04-11","mainEntityOfPage":"https:\/\/www.rabr.cz\/drevena-okna\/","author":{"@type":"Person","@id":"https:\/\/www.rabr.cz\/author\/#Person","name":"","url":"https:\/\/www.rabr.cz\/author\/","identifier":1,"image":{"@type":"ImageObject","@id":"https:\/\/secure.gravatar.com\/avatar\/01173f1da90dde8adb887d6793fa4e42c4004e53f8d645d9b1cb57c2dee8e188?s=96&d=mm&r=g","url":"https:\/\/secure.gravatar.com\/avatar\/01173f1da90dde8adb887d6793fa4e42c4004e53f8d645d9b1cb57c2dee8e188?s=96&d=mm&r=g","height":96,"width":96}},"publisher":{"@type":"Organization","name":"rabr.cz","logo":{"@type":"ImageObject","@id":"\/logo.png","url":"\/logo.png","width":600,"height":60}},"image":null,"wordCount":226,"keywords":null},{"@type":"Article","@id":"https:\/\/www.rabr.cz\/pobyt-na-sumave-spojeny-s-wellness-z-vas-udela-uplne-noveho-cloveka\/","headline":"Pobyt na \u0160umav\u011b spojen\u00fd s\u00a0wellness z\u00a0V\u00e1s ud\u011bl\u00e1 \u00fapln\u011b nov\u00e9ho \u010dlov\u011bka","url":"https:\/\/www.rabr.cz\/pobyt-na-sumave-spojeny-s-wellness-z-vas-udela-uplne-noveho-cloveka\/","datePublished":"2025-04-09","dateModified":"2025-04-09","mainEntityOfPage":"https:\/\/www.rabr.cz\/pobyt-na-sumave-spojeny-s-wellness-z-vas-udela-uplne-noveho-cloveka\/","author":{"@type":"Person","@id":"https:\/\/www.rabr.cz\/author\/#Person","name":"","url":"https:\/\/www.rabr.cz\/author\/","identifier":1,"image":{"@type":"ImageObject","@id":"https:\/\/secure.gravatar.com\/avatar\/01173f1da90dde8adb887d6793fa4e42c4004e53f8d645d9b1cb57c2dee8e188?s=96&d=mm&r=g","url":"https:\/\/secure.gravatar.com\/avatar\/01173f1da90dde8adb887d6793fa4e42c4004e53f8d645d9b1cb57c2dee8e188?s=96&d=mm&r=g","height":96,"width":96}},"publisher":{"@type":"Organization","name":"rabr.cz","logo":{"@type":"ImageObject","@id":"\/logo.png","url":"\/logo.png","width":600,"height":60}},"image":null,"wordCount":209,"keywords":null},{"@type":"Article","@id":"https:\/\/www.rabr.cz\/lozni-pradlo\/","headline":"Lo\u017en\u00ed pr\u00e1dlo","url":"https:\/\/www.rabr.cz\/lozni-pradlo\/","datePublished":"2025-04-06","dateModified":"2025-04-06","mainEntityOfPage":"https:\/\/www.rabr.cz\/lozni-pradlo\/","author":{"@type":"Person","@id":"https:\/\/www.rabr.cz\/author\/#Person","name":"","url":"https:\/\/www.rabr.cz\/author\/","identifier":1,"image":{"@type":"ImageObject","@id":"https:\/\/secure.gravatar.com\/avatar\/01173f1da90dde8adb887d6793fa4e42c4004e53f8d645d9b1cb57c2dee8e188?s=96&d=mm&r=g","url":"https:\/\/secure.gravatar.com\/avatar\/01173f1da90dde8adb887d6793fa4e42c4004e53f8d645d9b1cb57c2dee8e188?s=96&d=mm&r=g","height":96,"width":96}},"publisher":{"@type":"Organization","name":"rabr.cz","logo":{"@type":"ImageObject","@id":"\/logo.png","url":"\/logo.png","width":600,"height":60}},"image":null,"wordCount":228,"keywords":null}]},{"@context":"https:\/\/schema.org","@type":"WebSite","@id":"https:\/\/www.rabr.cz\/#website","name":"Rabr net","url":"https:\/\/www.rabr.cz","potentialAction":{"@type":"SearchAction","target":"https:\/\/www.rabr.cz\/?s={search_term_string}","query-input":"required name=search_term_string"}}]