[{"@context":"https:\/\/schema.org\/","@type":"Blog","@id":"https:\/\/www.rabr.cz#Blog","headline":"Rabr net","description":"","url":"https:\/\/www.rabr.cz","hasPart":[{"@type":"Article","@id":"https:\/\/www.rabr.cz\/kouzla-na-podiu\/","headline":"Kouzla na p\u00f3diu","url":"https:\/\/www.rabr.cz\/kouzla-na-podiu\/","datePublished":"2025-04-06","dateModified":"2025-04-06","mainEntityOfPage":"https:\/\/www.rabr.cz\/kouzla-na-podiu\/","author":{"@type":"Person","@id":"https:\/\/www.rabr.cz\/author\/#Person","name":"","url":"https:\/\/www.rabr.cz\/author\/","identifier":1,"image":{"@type":"ImageObject","@id":"https:\/\/secure.gravatar.com\/avatar\/01173f1da90dde8adb887d6793fa4e42c4004e53f8d645d9b1cb57c2dee8e188?s=96&d=mm&r=g","url":"https:\/\/secure.gravatar.com\/avatar\/01173f1da90dde8adb887d6793fa4e42c4004e53f8d645d9b1cb57c2dee8e188?s=96&d=mm&r=g","height":96,"width":96}},"publisher":{"@type":"Organization","name":"rabr.cz","logo":{"@type":"ImageObject","@id":"\/logo.png","url":"\/logo.png","width":600,"height":60}},"image":null,"wordCount":232,"keywords":null},{"@type":"Article","@id":"https:\/\/www.rabr.cz\/dlouha-zaruka\/","headline":"Dlouh\u00e1 z\u00e1ruka","url":"https:\/\/www.rabr.cz\/dlouha-zaruka\/","datePublished":"2025-04-04","dateModified":"2025-04-04","mainEntityOfPage":"https:\/\/www.rabr.cz\/dlouha-zaruka\/","author":{"@type":"Person","@id":"https:\/\/www.rabr.cz\/author\/#Person","name":"","url":"https:\/\/www.rabr.cz\/author\/","identifier":1,"image":{"@type":"ImageObject","@id":"https:\/\/secure.gravatar.com\/avatar\/01173f1da90dde8adb887d6793fa4e42c4004e53f8d645d9b1cb57c2dee8e188?s=96&d=mm&r=g","url":"https:\/\/secure.gravatar.com\/avatar\/01173f1da90dde8adb887d6793fa4e42c4004e53f8d645d9b1cb57c2dee8e188?s=96&d=mm&r=g","height":96,"width":96}},"publisher":{"@type":"Organization","name":"rabr.cz","logo":{"@type":"ImageObject","@id":"\/logo.png","url":"\/logo.png","width":600,"height":60}},"image":null,"wordCount":281,"keywords":null},{"@type":"Article","@id":"https:\/\/www.rabr.cz\/petkrat-si-ji-vyzkousite-a-narazite-na-zdravi-ktere-chutna\/","headline":"P\u011btkr\u00e1t si ji vyzkou\u0161\u00edte a naraz\u00edte na zdrav\u00ed, kter\u00e9 chutn\u00e1","url":"https:\/\/www.rabr.cz\/petkrat-si-ji-vyzkousite-a-narazite-na-zdravi-ktere-chutna\/","datePublished":"2025-04-04","dateModified":"2025-04-04","mainEntityOfPage":"https:\/\/www.rabr.cz\/petkrat-si-ji-vyzkousite-a-narazite-na-zdravi-ktere-chutna\/","author":{"@type":"Person","@id":"https:\/\/www.rabr.cz\/author\/#Person","name":"","url":"https:\/\/www.rabr.cz\/author\/","identifier":1,"image":{"@type":"ImageObject","@id":"https:\/\/secure.gravatar.com\/avatar\/01173f1da90dde8adb887d6793fa4e42c4004e53f8d645d9b1cb57c2dee8e188?s=96&d=mm&r=g","url":"https:\/\/secure.gravatar.com\/avatar\/01173f1da90dde8adb887d6793fa4e42c4004e53f8d645d9b1cb57c2dee8e188?s=96&d=mm&r=g","height":96,"width":96}},"publisher":{"@type":"Organization","name":"rabr.cz","logo":{"@type":"ImageObject","@id":"\/logo.png","url":"\/logo.png","width":600,"height":60}},"image":null,"wordCount":237,"keywords":null},{"@type":"Article","@id":"https:\/\/www.rabr.cz\/koreni\/","headline":"Ko\u0159en\u00ed","url":"https:\/\/www.rabr.cz\/koreni\/","datePublished":"2025-04-03","dateModified":"2025-04-03","mainEntityOfPage":"https:\/\/www.rabr.cz\/koreni\/","author":{"@type":"Person","@id":"https:\/\/www.rabr.cz\/author\/#Person","name":"","url":"https:\/\/www.rabr.cz\/author\/","identifier":1,"image":{"@type":"ImageObject","@id":"https:\/\/secure.gravatar.com\/avatar\/01173f1da90dde8adb887d6793fa4e42c4004e53f8d645d9b1cb57c2dee8e188?s=96&d=mm&r=g","url":"https:\/\/secure.gravatar.com\/avatar\/01173f1da90dde8adb887d6793fa4e42c4004e53f8d645d9b1cb57c2dee8e188?s=96&d=mm&r=g","height":96,"width":96}},"publisher":{"@type":"Organization","name":"rabr.cz","logo":{"@type":"ImageObject","@id":"\/logo.png","url":"\/logo.png","width":600,"height":60}},"image":null,"wordCount":178,"keywords":null},{"@type":"Article","@id":"https:\/\/www.rabr.cz\/zaridime-vse-za-vas\/","headline":"Za\u0159\u00edd\u00edme v\u0161e za v\u00e1s","url":"https:\/\/www.rabr.cz\/zaridime-vse-za-vas\/","datePublished":"2025-04-02","dateModified":"2025-04-02","mainEntityOfPage":"https:\/\/www.rabr.cz\/zaridime-vse-za-vas\/","author":{"@type":"Person","@id":"https:\/\/www.rabr.cz\/author\/#Person","name":"","url":"https:\/\/www.rabr.cz\/author\/","identifier":1,"image":{"@type":"ImageObject","@id":"https:\/\/secure.gravatar.com\/avatar\/01173f1da90dde8adb887d6793fa4e42c4004e53f8d645d9b1cb57c2dee8e188?s=96&d=mm&r=g","url":"https:\/\/secure.gravatar.com\/avatar\/01173f1da90dde8adb887d6793fa4e42c4004e53f8d645d9b1cb57c2dee8e188?s=96&d=mm&r=g","height":96,"width":96}},"publisher":{"@type":"Organization","name":"rabr.cz","logo":{"@type":"ImageObject","@id":"\/logo.png","url":"\/logo.png","width":600,"height":60}},"image":null,"wordCount":210,"keywords":null},{"@type":"Article","@id":"https:\/\/www.rabr.cz\/potisk-tricek\/","headline":"Potisk tri\u010dek","url":"https:\/\/www.rabr.cz\/potisk-tricek\/","datePublished":"2025-04-02","dateModified":"2025-04-02","mainEntityOfPage":"https:\/\/www.rabr.cz\/potisk-tricek\/","author":{"@type":"Person","@id":"https:\/\/www.rabr.cz\/author\/#Person","name":"","url":"https:\/\/www.rabr.cz\/author\/","identifier":1,"image":{"@type":"ImageObject","@id":"https:\/\/secure.gravatar.com\/avatar\/01173f1da90dde8adb887d6793fa4e42c4004e53f8d645d9b1cb57c2dee8e188?s=96&d=mm&r=g","url":"https:\/\/secure.gravatar.com\/avatar\/01173f1da90dde8adb887d6793fa4e42c4004e53f8d645d9b1cb57c2dee8e188?s=96&d=mm&r=g","height":96,"width":96}},"publisher":{"@type":"Organization","name":"rabr.cz","logo":{"@type":"ImageObject","@id":"\/logo.png","url":"\/logo.png","width":600,"height":60}},"image":null,"wordCount":238,"keywords":null},{"@type":"Article","@id":"https:\/\/www.rabr.cz\/ze-jste-v-lasce-zatim-nemeli-stesti\/","headline":"\u017de jste v l\u00e1sce zat\u00edm nem\u011bli \u0161t\u011bst\u00ed?","url":"https:\/\/www.rabr.cz\/ze-jste-v-lasce-zatim-nemeli-stesti\/","datePublished":"2025-03-30","dateModified":"2025-03-30","mainEntityOfPage":"https:\/\/www.rabr.cz\/ze-jste-v-lasce-zatim-nemeli-stesti\/","author":{"@type":"Person","@id":"https:\/\/www.rabr.cz\/author\/#Person","name":"","url":"https:\/\/www.rabr.cz\/author\/","identifier":1,"image":{"@type":"ImageObject","@id":"https:\/\/secure.gravatar.com\/avatar\/01173f1da90dde8adb887d6793fa4e42c4004e53f8d645d9b1cb57c2dee8e188?s=96&d=mm&r=g","url":"https:\/\/secure.gravatar.com\/avatar\/01173f1da90dde8adb887d6793fa4e42c4004e53f8d645d9b1cb57c2dee8e188?s=96&d=mm&r=g","height":96,"width":96}},"publisher":{"@type":"Organization","name":"rabr.cz","logo":{"@type":"ImageObject","@id":"\/logo.png","url":"\/logo.png","width":600,"height":60}},"image":null,"wordCount":257,"keywords":null},{"@type":"Article","@id":"https:\/\/www.rabr.cz\/oprava-vodovodu\/","headline":"Oprava vodovodu","url":"https:\/\/www.rabr.cz\/oprava-vodovodu\/","datePublished":"2025-03-29","dateModified":"2025-03-29","mainEntityOfPage":"https:\/\/www.rabr.cz\/oprava-vodovodu\/","author":{"@type":"Person","@id":"https:\/\/www.rabr.cz\/author\/#Person","name":"","url":"https:\/\/www.rabr.cz\/author\/","identifier":1,"image":{"@type":"ImageObject","@id":"https:\/\/secure.gravatar.com\/avatar\/01173f1da90dde8adb887d6793fa4e42c4004e53f8d645d9b1cb57c2dee8e188?s=96&d=mm&r=g","url":"https:\/\/secure.gravatar.com\/avatar\/01173f1da90dde8adb887d6793fa4e42c4004e53f8d645d9b1cb57c2dee8e188?s=96&d=mm&r=g","height":96,"width":96}},"publisher":{"@type":"Organization","name":"rabr.cz","logo":{"@type":"ImageObject","@id":"\/logo.png","url":"\/logo.png","width":600,"height":60}},"image":null,"wordCount":230,"keywords":null},{"@type":"Article","@id":"https:\/\/www.rabr.cz\/stolicky\/","headline":"Stoli\u010dky","url":"https:\/\/www.rabr.cz\/stolicky\/","datePublished":"2025-03-28","dateModified":"2025-03-28","mainEntityOfPage":"https:\/\/www.rabr.cz\/stolicky\/","author":{"@type":"Person","@id":"https:\/\/www.rabr.cz\/author\/#Person","name":"","url":"https:\/\/www.rabr.cz\/author\/","identifier":1,"image":{"@type":"ImageObject","@id":"https:\/\/secure.gravatar.com\/avatar\/01173f1da90dde8adb887d6793fa4e42c4004e53f8d645d9b1cb57c2dee8e188?s=96&d=mm&r=g","url":"https:\/\/secure.gravatar.com\/avatar\/01173f1da90dde8adb887d6793fa4e42c4004e53f8d645d9b1cb57c2dee8e188?s=96&d=mm&r=g","height":96,"width":96}},"publisher":{"@type":"Organization","name":"rabr.cz","logo":{"@type":"ImageObject","@id":"\/logo.png","url":"\/logo.png","width":600,"height":60}},"image":null,"wordCount":294,"keywords":null},{"@type":"Article","@id":"https:\/\/www.rabr.cz\/elektronicka-cigareta\/","headline":"Elektronick\u00e1 cigareta","url":"https:\/\/www.rabr.cz\/elektronicka-cigareta\/","datePublished":"2025-03-28","dateModified":"2025-03-28","mainEntityOfPage":"https:\/\/www.rabr.cz\/elektronicka-cigareta\/","author":{"@type":"Person","@id":"https:\/\/www.rabr.cz\/author\/#Person","name":"","url":"https:\/\/www.rabr.cz\/author\/","identifier":1,"image":{"@type":"ImageObject","@id":"https:\/\/secure.gravatar.com\/avatar\/01173f1da90dde8adb887d6793fa4e42c4004e53f8d645d9b1cb57c2dee8e188?s=96&d=mm&r=g","url":"https:\/\/secure.gravatar.com\/avatar\/01173f1da90dde8adb887d6793fa4e42c4004e53f8d645d9b1cb57c2dee8e188?s=96&d=mm&r=g","height":96,"width":96}},"publisher":{"@type":"Organization","name":"rabr.cz","logo":{"@type":"ImageObject","@id":"\/logo.png","url":"\/logo.png","width":600,"height":60}},"image":null,"wordCount":202,"keywords":null}]},{"@context":"https:\/\/schema.org","@type":"WebSite","@id":"https:\/\/www.rabr.cz\/#website","name":"Rabr net","url":"https:\/\/www.rabr.cz","potentialAction":{"@type":"SearchAction","target":"https:\/\/www.rabr.cz\/?s={search_term_string}","query-input":"required name=search_term_string"}}]